{"id":26464,"date":"2020-02-19T23:31:32","date_gmt":"2020-02-19T23:31:32","guid":{"rendered":"https:\/\/www.imagenia.eu\/?p=26464"},"modified":"2024-11-09T19:51:46","modified_gmt":"2024-11-09T19:51:46","slug":"tu-pelu-hairdressers-in-playa-de-las-americas-nails-salon-beauty-center","status":"publish","type":"post","link":"https:\/\/www.imagenia.eu\/en\/tu-pelu-hairdressers-in-playa-de-las-americas-nails-salon-beauty-center\/","title":{"rendered":"Angeles D\u00edaz Beauty Salon, Hairdressers in Playa de Las Am\u00e9ricas, Nails salon, Beauty center"},"content":{"rendered":"<p><div class=\"fusion-fullwidth fullwidth-box fusion-builder-row-1 has-pattern-background has-mask-background hundred-percent-fullwidth non-hundred-percent-height-scrolling\" style=\"--awb-border-radius-top-left:0px;--awb-border-radius-top-right:0px;--awb-border-radius-bottom-right:0px;--awb-border-radius-bottom-left:0px;--awb-overflow:visible;--awb-margin-top:20px;--awb-flex-wrap:wrap;\" ><div class=\"fusion-builder-row fusion-row\"><div class=\"fusion-layout-column fusion_builder_column fusion-builder-column-0 fusion_builder_column_1_1 1_1 fusion-one-full fusion-column-first fusion-column-last fusion-column-no-min-height\" style=\"--awb-bg-size:cover;--awb-margin-bottom:0px;\"><div class=\"fusion-column-wrapper fusion-flex-column-wrapper-legacy\"><div class=\"fusion-sep-clear\"><\/div><div class=\"fusion-separator fusion-full-width-sep\" style=\"margin-left: auto;margin-right: auto;margin-top:25px;width:100%;\"><\/div><div class=\"fusion-sep-clear\"><\/div><div class=\"fusion-text fusion-text-1\"><p><img decoding=\"async\" class=\"aligncenter wp-image-27150\" src=\"https:\/\/www.imagenia.eu\/wp-content\/uploads\/2020\/02\/Beauty-is-You-1.jpg\" alt=\"Peluquer\u00eda en Playa de Las Am\u00e9ricas, Hairdresser in Playa de Las Am\u00e9ricas\" width=\"1235\" height=\"695\" srcset=\"https:\/\/www.imagenia.eu\/wp-content\/uploads\/2020\/02\/Beauty-is-You-1-150x84.jpg 150w, https:\/\/www.imagenia.eu\/wp-content\/uploads\/2020\/02\/Beauty-is-You-1-300x169.jpg 300w, https:\/\/www.imagenia.eu\/wp-content\/uploads\/2020\/02\/Beauty-is-You-1-768x432.jpg 768w, https:\/\/www.imagenia.eu\/wp-content\/uploads\/2020\/02\/Beauty-is-You-1-1024x576.jpg 1024w, https:\/\/www.imagenia.eu\/wp-content\/uploads\/2020\/02\/Beauty-is-You-1.jpg 2880w\" sizes=\"(max-width: 1235px) 100vw, 1235px\" \/><\/p>\n<\/div><div class=\"fusion-sep-clear\"><\/div><div class=\"fusion-separator fusion-full-width-sep\" style=\"margin-left: auto;margin-right: auto;margin-top:25px;width:100%;\"><\/div><div class=\"fusion-sep-clear\"><\/div><div class=\"fusion-aligncenter\"><a class=\"fusion-button button-flat fusion-button-default-size button-custom fusion-button-default button-1 fusion-button-default-span fusion-button-default-type fusion-has-button-gradient\" style=\"--button_accent_color:#ffffff;--button_accent_hover_color:#ffffff;--button_border_hover_color:#ffffff;--button_gradient_top_color:#cb6ce6;--button_gradient_bottom_color:#8d0c9d;--button_gradient_top_color_hover:#96c346;--button_gradient_bottom_color_hover:#96c346;\" target=\"_self\" href=\"https:\/\/booksy.com\/es-es\/81889_nails-and-hair-beauty-salon-angeles-diaz_salon-de-unas_71155_playa-de-los-cristianos?do=invite&amp;utm_medium=c2c_referral#ba_s=dl_1\"><span class=\"fusion-button-text awb-button__text awb-button__text--default\">SEE WEBSITE<\/span><\/a><\/div><div class=\"fusion-sep-clear\"><\/div><div class=\"fusion-separator fusion-full-width-sep\" style=\"margin-left: auto;margin-right: auto;margin-top:25px;width:100%;\"><\/div><div class=\"fusion-sep-clear\"><\/div><div class=\"fusion-clearfix\"><\/div><\/div><\/div><div class=\"fusion-layout-column fusion_builder_column fusion-builder-column-1 fusion_builder_column_1_1 1_1 fusion-one-full fusion-column-first fusion-column-last fusion-column-no-min-height\" style=\"--awb-bg-size:cover;--awb-margin-bottom:0px;\"><div class=\"fusion-column-wrapper fusion-flex-column-wrapper-legacy\"><div class=\"fusion-title title fusion-title-1 fusion-sep-none fusion-title-marquee fusion-animate-once fusion-title-size-two\" style=\"--awb-margin-top-small:10px;--awb-margin-right-small:0px;--awb-margin-bottom-small:10px;--awb-margin-left-small:0px;--awb-marquee-speed:15000ms;--awb-marquee-translate-x:-100%;\"><h2 class=\"fusion-title-heading title-heading-left awb-marquee-left\" style=\"margin:0;\"><span class=\"awb-marquee-content\">Information about Angeles Diaz Beauty Salon, Hairdressing &amp; Nails in Playa de Las Americas<\/span><span class=\"awb-marquee-content\">Information about Angeles Diaz Beauty Salon, Hairdressing &amp; Nails in Playa de Las Americas<\/span><\/h2><\/div><div class=\"fusion-sep-clear\"><\/div><div class=\"fusion-separator fusion-full-width-sep\" style=\"margin-left: auto;margin-right: auto;margin-top:25px;width:100%;\"><\/div><div class=\"fusion-sep-clear\"><\/div><div class=\"fusion-text fusion-text-2\"><h3><a href=\"https:\/\/www.facebook.com\/pg\/Tu-pelu-Hairdressing-Nails-103069964390711\/photos\/?ref=page_internal\" target=\"_blank\" rel=\"noopener noreferrer\">Angeles D\u00edaz Beauty Salon<\/a> is a salon of hairdresssers in Playa de Las Am\u00e9ricas of authentic reference where you will be the real protagonist receiving renewed and current looks, as well as revolutionary aesthetic treatments.<\/h3>\n<h3>Angeles D\u00edaz Hairdressing &amp; Nails is an integral beauty center in Tenerife south that offers a wide range of treatments and services, including a woman or man hairdresser, Nails center, Manicure and Pedicure.<\/h3>\n<h3>The professinals at Angeles D\u00edaz Hairdressing &amp; Nails work thoroughly study the properties of you hair to offer you the most appropriate treatments for your real needs. We are specialists in hairdressing and we have extensive knowledge that allow us to give the most appropriate advice. In short, we offer you whtat your hair needs and what best suits your look.<\/h3>\n<h3>Qualified staff to assist you in Spanish and English.<\/h3>\n<p style=\"text-align: left;\"><img decoding=\"async\" class=\"aligncenter wp-image-26473 size-full\" src=\"https:\/\/www.imagenia.eu\/wp-content\/uploads\/2020\/02\/HAIRDRESSING-PLAYA-DE-LAS-AMERICAS.jpg\" alt=\"peluquer\u00eda en Playa de Las Am\u00e9ricas, Hairdressers in Playa de Las Am\u00e9ricas\" width=\"3840\" height=\"1544\" srcset=\"https:\/\/www.imagenia.eu\/wp-content\/uploads\/2020\/02\/HAIRDRESSING-PLAYA-DE-LAS-AMERICAS-150x60.jpg 150w, https:\/\/www.imagenia.eu\/wp-content\/uploads\/2020\/02\/HAIRDRESSING-PLAYA-DE-LAS-AMERICAS-300x121.jpg 300w, https:\/\/www.imagenia.eu\/wp-content\/uploads\/2020\/02\/HAIRDRESSING-PLAYA-DE-LAS-AMERICAS-768x309.jpg 768w, https:\/\/www.imagenia.eu\/wp-content\/uploads\/2020\/02\/HAIRDRESSING-PLAYA-DE-LAS-AMERICAS-1024x412.jpg 1024w, https:\/\/www.imagenia.eu\/wp-content\/uploads\/2020\/02\/HAIRDRESSING-PLAYA-DE-LAS-AMERICAS.jpg 3840w\" sizes=\"(max-width: 3840px) 100vw, 3840px\" \/><\/p>\n<\/div><div class=\"fusion-clearfix\"><\/div><\/div><\/div><\/div><\/div><div class=\"fusion-fullwidth fullwidth-box fusion-builder-row-2 fusion-flex-container has-pattern-background has-mask-background nonhundred-percent-fullwidth non-hundred-percent-height-scrolling\" style=\"--link_hover_color: #f25534;--link_color: #040d16;--awb-border-radius-top-left:0px;--awb-border-radius-top-right:0px;--awb-border-radius-bottom-right:0px;--awb-border-radius-bottom-left:0px;--awb-padding-top:80x;--awb-padding-bottom:80px;--awb-margin-top:30px;--awb-margin-bottom:30px;--awb-background-color:var(--awb-color1);--awb-flex-wrap:wrap;\" ><div class=\"awb-background-mask\" style=\"background-image:  url(data:image\/svg+xml;utf8,%3Csvg%20width%3D%221920%22%20height%3D%22954%22%20fill%3D%22none%22%20xmlns%3D%22http%3A%2F%2Fwww.w3.org%2F2000%2Fsvg%22%3E%3Cpath%20fill-rule%3D%22evenodd%22%20clip-rule%3D%22evenodd%22%20d%3D%22M1920%20615.353V340.175l-137.59%20137.589L1920%20615.353zM1919.24%20954l-167.18-167.177-139.35-139.353L1443%20477.764l169.71-169.706%20139.35-139.352L1920%20.764V0h-137.19L1345%20437.812%20907.188%200H0v954h907l84.447-84.447%20268.703-268.7L1345%20516l84.85%2084.853%20268.7%20268.7L1783%20954h136.24zM1345%20685.706L1613.29%20954H1526l-138.57-138.574L1345%20773l-42.43%2042.426L1164%20954h-87.29L1345%20685.706zM1248.85%20954l96.15-96.147L1441.15%20954h-192.3z%22%20fill%3D%22rgba%28246%2C246%2C246%2C1%29%22%2F%3E%3C%2Fsvg%3E);opacity: 1 ;transform: scale(1, 1);mix-blend-mode:normal;\"><\/div><div class=\"fusion-builder-row fusion-row fusion-flex-align-items-center fusion-flex-justify-content-center fusion-flex-content-wrap\" style=\"max-width:1404px;margin-left: calc(-4% \/ 2 );margin-right: calc(-4% \/ 2 );\"><div class=\"fusion-layout-column fusion_builder_column fusion-builder-column-2 fusion_builder_column_4_5 4_5 fusion-flex-column\" style=\"--awb-bg-size:cover;--awb-width-large:80%;--awb-margin-top-large:30px;--awb-spacing-right-large:2.4%;--awb-margin-bottom-large:72px;--awb-spacing-left-large:2.4%;--awb-width-medium:100%;--awb-order-medium:0;--awb-spacing-right-medium:1.92%;--awb-spacing-left-medium:1.92%;--awb-width-small:100%;--awb-order-small:0;--awb-spacing-right-small:1.92%;--awb-spacing-left-small:1.92%;\" data-scroll-devices=\"small-visibility,medium-visibility,large-visibility\"><div class=\"fusion-column-wrapper fusion-column-has-shadow fusion-flex-justify-content-flex-start fusion-content-layout-column\"><div class=\"fusion-title title fusion-title-2 fusion-title-center fusion-title-text fusion-title-size-div\" style=\"--awb-text-color:#4f5c6c;--awb-margin-top-small:10px;--awb-margin-right-small:0px;--awb-margin-bottom-small:10px;--awb-margin-left-small:0px;--awb-font-size:20px;\"><div class=\"title-sep-container title-sep-container-left\"><div class=\"title-sep sep-double sep-solid\" style=\"border-color:#e0dede;\"><\/div><\/div><span class=\"awb-title-spacer\"><\/span><div class=\"fusion-title-heading title-heading-center title-heading-tag\" style=\"font-family:&quot;Manrope&quot;;font-style:normal;font-weight:500;margin:0;letter-spacing:0.015em;text-transform:var(--awb-typography2-text-transform);font-size:1em;line-height:1.4em;\">Beauty salon in Playa de Las Am\u00e9ricas<\/div><span class=\"awb-title-spacer\"><\/span><div class=\"title-sep-container title-sep-container-right\"><div class=\"title-sep sep-double sep-solid\" style=\"border-color:#e0dede;\"><\/div><\/div><\/div><div class=\"fusion-title title fusion-title-3 fusion-title-center fusion-title-text fusion-title-size-two\" style=\"--awb-text-color:#040d16;--awb-margin-top-small:10px;--awb-margin-right-small:0px;--awb-margin-bottom-small:10px;--awb-margin-left-small:0px;--awb-font-size:64px;\"><div class=\"title-sep-container title-sep-container-left\"><div class=\"title-sep sep-double sep-solid\" style=\"border-color:#e0dede;\"><\/div><\/div><span class=\"awb-title-spacer\"><\/span><h2 class=\"fusion-title-heading title-heading-center\" style=\"font-family:&quot;Manrope&quot;;font-style:normal;font-weight:400;margin:0;letter-spacing:-0.005em;text-transform:var(--awb-typography1-text-transform);font-size:1em;line-height:1.12em;\"><p>Angeles D\u00edaz<br \/>\n<span style=\"color: #1f2484;\">Beauty Salon<\/span><\/p><\/h2><span class=\"awb-title-spacer\"><\/span><div class=\"title-sep-container title-sep-container-right\"><div class=\"title-sep sep-double sep-solid\" style=\"border-color:#e0dede;\"><\/div><\/div><\/div><\/div><\/div><div class=\"fusion-layout-column fusion_builder_column fusion-builder-column-3 fusion_builder_column_1_1 1_1 fusion-flex-column fusion-column-inner-bg-wrapper\" style=\"--awb-inner-bg-size:cover;--awb-border-color:#dce0e3;--awb-border-bottom:1px;--awb-border-style:dashed;--awb-transform:translateY(0px);--awb-transform-hover:translateY(-15px);--awb-width-large:100%;--awb-margin-top-large:0px;--awb-spacing-right-large:1.92%;--awb-margin-bottom-large:30px;--awb-spacing-left-large:1.92%;--awb-width-medium:100%;--awb-order-medium:0;--awb-spacing-right-medium:1.92%;--awb-spacing-left-medium:1.92%;--awb-width-small:100%;--awb-order-small:0;--awb-spacing-right-small:1.92%;--awb-spacing-left-small:1.92%;\"><span class=\"fusion-column-inner-bg hover-type-none\"><a class=\"fusion-column-anchor\" href=\"#\"><span class=\"fusion-column-inner-bg-image\"><\/span><\/a><\/span><div class=\"fusion-column-wrapper fusion-column-has-shadow fusion-flex-justify-content-flex-start fusion-content-layout-column\"><div class=\"fusion-builder-row fusion-builder-row-inner fusion-row fusion-flex-align-items-center fusion-flex-justify-content-center fusion-flex-content-wrap\" style=\"--awb-flex-grow:0;--awb-flex-grow-medium:0;--awb-flex-grow-small:0;--awb-flex-shrink:0;--awb-flex-shrink-medium:0;--awb-flex-shrink-small:0;width:104% !important;max-width:104% !important;margin-left: calc(-4% \/ 2 );margin-right: calc(-4% \/ 2 );\"><div class=\"fusion-layout-column fusion_builder_column_inner fusion-builder-nested-column-0 fusion_builder_column_inner_1_6 1_6 fusion-flex-column fusion-flex-align-self-stretch\" style=\"--awb-bg-size:cover;--awb-width-large:16.666666666667%;--awb-margin-top-large:0px;--awb-spacing-right-large:0px;--awb-margin-bottom-large:20px;--awb-spacing-left-large:11.52%;--awb-width-medium:100%;--awb-order-medium:0;--awb-spacing-right-medium:1.92%;--awb-spacing-left-medium:1.92%;--awb-width-small:100%;--awb-order-small:0;--awb-spacing-right-small:1.92%;--awb-spacing-left-small:1.92%;\"><div class=\"fusion-column-wrapper fusion-column-has-shadow fusion-flex-justify-content-flex-start fusion-content-layout-column\"><a class=\"fb-icon-element-1 fb-icon-element fontawesome-icon icon-accountant-call-us circle-yes fusion-text-flow fusion-link\" style=\"--awb-iconcolor:#1f2484;--awb-circlecolor:#f5f7f9;--awb-circlecolor-hover:#f5f7f9;--awb-circlebordersize:0px;--awb-font-size:42.24px;--awb-width:84.48px;--awb-height:84.48px;--awb-line-height:84.48px;--awb-border-radius-top-l:24px;--awb-border-radius-top-r:24px;--awb-border-radius-bot-r:24px;--awb-border-radius-bot-l:24px;--awb-margin-right:24px;--awb-sm-align-self:center;\" href=\"#\" target=\"_self\" aria-label=\"Link to #\"><\/a><\/div><\/div><div class=\"fusion-layout-column fusion_builder_column_inner fusion-builder-nested-column-1 fusion_builder_column_inner_3_5 3_5 fusion-flex-column fusion-flex-align-self-stretch\" style=\"--awb-bg-size:cover;--awb-width-large:60%;--awb-margin-top-large:0px;--awb-spacing-right-large:0%;--awb-margin-bottom-large:20px;--awb-spacing-left-large:3.2%;--awb-width-medium:100%;--awb-order-medium:0;--awb-spacing-right-medium:1.92%;--awb-spacing-left-medium:3.84%;--awb-width-small:100%;--awb-order-small:0;--awb-spacing-right-small:1.92%;--awb-spacing-left-small:1.92%;\"><div class=\"fusion-column-wrapper fusion-column-has-shadow fusion-flex-justify-content-flex-start fusion-content-layout-column\"><div class=\"fusion-title title fusion-title-4 fusion-title-text fusion-title-size-three\" style=\"--awb-text-color:#040d16;--awb-margin-top:12px;--awb-margin-bottom:12px;--awb-margin-top-small:10px;--awb-margin-right-small:0px;--awb-margin-bottom-small:10px;--awb-margin-left-small:0px;--awb-font-size:20px;\"><div class=\"title-sep-container title-sep-container-left fusion-no-large-visibility fusion-no-medium-visibility\"><div class=\"title-sep sep-double sep-solid\" style=\"border-color:#e0dede;\"><\/div><\/div><span class=\"awb-title-spacer fusion-no-large-visibility fusion-no-medium-visibility\"><\/span><h3 class=\"fusion-title-heading title-heading-left sm-text-align-center\" style=\"font-family:&quot;Manrope&quot;;font-style:normal;font-weight:500;margin:0;letter-spacing:0.015em;text-transform:var(--awb-typography2-text-transform);font-size:1em;line-height:1.4em;\">Phone<\/h3><span class=\"awb-title-spacer\"><\/span><div class=\"title-sep-container title-sep-container-right\"><div class=\"title-sep sep-double sep-solid\" style=\"border-color:#e0dede;\"><\/div><\/div><\/div><div class=\"fusion-text fusion-text-3 sm-text-align-center\" style=\"--awb-font-size:18px;--awb-line-height:1.64em;--awb-letter-spacing:0.02em;--awb-text-transform:var(--awb-typography4-text-transform);--awb-text-color:#3c4451;--awb-text-font-family:&quot;Manrope&quot;;--awb-text-font-style:normal;--awb-text-font-weight:400;\"><p>+34 645 390 790<\/p>\n<\/div><\/div><\/div><\/div><\/div><\/div><div class=\"fusion-layout-column fusion_builder_column fusion-builder-column-4 fusion_builder_column_1_1 1_1 fusion-flex-column fusion-column-inner-bg-wrapper\" style=\"--awb-inner-bg-size:cover;--awb-border-color:#dce0e3;--awb-border-bottom:1px;--awb-border-style:dashed;--awb-transform:translateY(0px);--awb-transform-hover:translateY(-15px);--awb-width-large:100%;--awb-margin-top-large:0px;--awb-spacing-right-large:1.92%;--awb-margin-bottom-large:30px;--awb-spacing-left-large:1.92%;--awb-width-medium:100%;--awb-order-medium:0;--awb-spacing-right-medium:1.92%;--awb-spacing-left-medium:1.92%;--awb-width-small:100%;--awb-order-small:0;--awb-spacing-right-small:1.92%;--awb-spacing-left-small:1.92%;\"><span class=\"fusion-column-inner-bg hover-type-none\"><a class=\"fusion-column-anchor\" href=\"#\"><span class=\"fusion-column-inner-bg-image\"><\/span><\/a><\/span><div class=\"fusion-column-wrapper fusion-column-has-shadow fusion-flex-justify-content-flex-start fusion-content-layout-column\"><div class=\"fusion-builder-row fusion-builder-row-inner fusion-row fusion-flex-align-items-center fusion-flex-justify-content-center fusion-flex-content-wrap\" style=\"--awb-flex-grow:0;--awb-flex-grow-medium:0;--awb-flex-grow-small:0;--awb-flex-shrink:0;--awb-flex-shrink-medium:0;--awb-flex-shrink-small:0;width:104% !important;max-width:104% !important;margin-left: calc(-4% \/ 2 );margin-right: calc(-4% \/ 2 );\"><div class=\"fusion-layout-column fusion_builder_column_inner fusion-builder-nested-column-2 fusion_builder_column_inner_1_6 1_6 fusion-flex-column fusion-flex-align-self-stretch\" style=\"--awb-bg-size:cover;--awb-width-large:16.666666666667%;--awb-margin-top-large:0px;--awb-spacing-right-large:0px;--awb-margin-bottom-large:20px;--awb-spacing-left-large:11.52%;--awb-width-medium:100%;--awb-order-medium:0;--awb-spacing-right-medium:1.92%;--awb-spacing-left-medium:1.92%;--awb-width-small:100%;--awb-order-small:0;--awb-spacing-right-small:1.92%;--awb-spacing-left-small:1.92%;\"><div class=\"fusion-column-wrapper fusion-column-has-shadow fusion-flex-justify-content-flex-start fusion-content-layout-column\"><a class=\"fb-icon-element-2 fb-icon-element fontawesome-icon icon-accountant-time circle-yes fusion-text-flow fusion-link\" style=\"--awb-iconcolor:#1f2484;--awb-circlecolor:#f5f7f9;--awb-circlecolor-hover:#f5f7f9;--awb-circlebordersize:0px;--awb-font-size:42.24px;--awb-width:84.48px;--awb-height:84.48px;--awb-line-height:84.48px;--awb-border-radius-top-l:24px;--awb-border-radius-top-r:24px;--awb-border-radius-bot-r:24px;--awb-border-radius-bot-l:24px;--awb-margin-right:24px;--awb-sm-align-self:center;\" href=\"#\" target=\"_self\" aria-label=\"Link to #\"><\/a><\/div><\/div><div class=\"fusion-layout-column fusion_builder_column_inner fusion-builder-nested-column-3 fusion_builder_column_inner_3_5 3_5 fusion-flex-column fusion-flex-align-self-stretch\" style=\"--awb-bg-size:cover;--awb-width-large:60%;--awb-margin-top-large:0px;--awb-spacing-right-large:0%;--awb-margin-bottom-large:20px;--awb-spacing-left-large:3.2%;--awb-width-medium:100%;--awb-order-medium:0;--awb-spacing-right-medium:1.92%;--awb-spacing-left-medium:3.84%;--awb-width-small:100%;--awb-order-small:0;--awb-spacing-right-small:1.92%;--awb-spacing-left-small:1.92%;\"><div class=\"fusion-column-wrapper fusion-column-has-shadow fusion-flex-justify-content-flex-start fusion-content-layout-column\"><div class=\"fusion-title title fusion-title-5 fusion-title-text fusion-title-size-three\" style=\"--awb-text-color:#040d16;--awb-margin-top:12px;--awb-margin-bottom:12px;--awb-margin-top-small:10px;--awb-margin-right-small:0px;--awb-margin-bottom-small:10px;--awb-margin-left-small:0px;--awb-font-size:20px;\"><div class=\"title-sep-container title-sep-container-left fusion-no-large-visibility fusion-no-medium-visibility\"><div class=\"title-sep sep-double sep-solid\" style=\"border-color:#e0dede;\"><\/div><\/div><span class=\"awb-title-spacer fusion-no-large-visibility fusion-no-medium-visibility\"><\/span><h3 class=\"fusion-title-heading title-heading-left sm-text-align-center\" style=\"font-family:&quot;Manrope&quot;;font-style:normal;font-weight:500;margin:0;letter-spacing:0.015em;text-transform:var(--awb-typography2-text-transform);font-size:1em;line-height:1.4em;\">Timetable<\/h3><span class=\"awb-title-spacer\"><\/span><div class=\"title-sep-container title-sep-container-right\"><div class=\"title-sep sep-double sep-solid\" style=\"border-color:#e0dede;\"><\/div><\/div><\/div><div class=\"fusion-text fusion-text-4 sm-text-align-center\" style=\"--awb-font-size:18px;--awb-line-height:1.64em;--awb-letter-spacing:0.02em;--awb-text-transform:var(--awb-typography4-text-transform);--awb-text-color:#3c4451;--awb-text-font-family:&quot;Manrope&quot;;--awb-text-font-style:normal;--awb-text-font-weight:400;\"><p>Open monday to saturday from 10 to 19 h<br \/>\nSunday closed<br \/>\nWe only work by appointment<\/p>\n<\/div><\/div><\/div><\/div><\/div><\/div><div class=\"fusion-layout-column fusion_builder_column fusion-builder-column-5 fusion_builder_column_1_1 1_1 fusion-flex-column fusion-column-inner-bg-wrapper\" style=\"--awb-inner-bg-size:cover;--awb-border-color:#dce0e3;--awb-border-bottom:1px;--awb-border-style:dashed;--awb-transform:translateY(0px);--awb-transform-hover:translateY(-15px);--awb-width-large:100%;--awb-margin-top-large:0px;--awb-spacing-right-large:1.92%;--awb-margin-bottom-large:30px;--awb-spacing-left-large:1.92%;--awb-width-medium:100%;--awb-order-medium:0;--awb-spacing-right-medium:1.92%;--awb-spacing-left-medium:1.92%;--awb-width-small:100%;--awb-order-small:0;--awb-spacing-right-small:1.92%;--awb-spacing-left-small:1.92%;\"><span class=\"fusion-column-inner-bg hover-type-none\"><a class=\"fusion-column-anchor\" href=\"#\"><span class=\"fusion-column-inner-bg-image\"><\/span><\/a><\/span><div class=\"fusion-column-wrapper fusion-column-has-shadow fusion-flex-justify-content-flex-start fusion-content-layout-column\"><div class=\"fusion-builder-row fusion-builder-row-inner fusion-row fusion-flex-align-items-center fusion-flex-justify-content-center fusion-flex-content-wrap\" style=\"--awb-flex-grow:0;--awb-flex-grow-medium:0;--awb-flex-grow-small:0;--awb-flex-shrink:0;--awb-flex-shrink-medium:0;--awb-flex-shrink-small:0;width:104% !important;max-width:104% !important;margin-left: calc(-4% \/ 2 );margin-right: calc(-4% \/ 2 );\"><div class=\"fusion-layout-column fusion_builder_column_inner fusion-builder-nested-column-4 fusion_builder_column_inner_1_6 1_6 fusion-flex-column fusion-flex-align-self-stretch\" style=\"--awb-bg-size:cover;--awb-width-large:16.666666666667%;--awb-margin-top-large:0px;--awb-spacing-right-large:0px;--awb-margin-bottom-large:20px;--awb-spacing-left-large:11.52%;--awb-width-medium:100%;--awb-order-medium:0;--awb-spacing-right-medium:1.92%;--awb-spacing-left-medium:1.92%;--awb-width-small:100%;--awb-order-small:0;--awb-spacing-right-small:1.92%;--awb-spacing-left-small:1.92%;\"><div class=\"fusion-column-wrapper fusion-column-has-shadow fusion-flex-justify-content-flex-start fusion-content-layout-column\"><a class=\"fb-icon-element-3 fb-icon-element fontawesome-icon icon-accountant-map circle-yes fusion-text-flow fusion-link\" style=\"--awb-iconcolor:#1f2484;--awb-circlecolor:#f5f7f9;--awb-circlecolor-hover:#f5f7f9;--awb-circlebordersize:0px;--awb-font-size:42.24px;--awb-width:84.48px;--awb-height:84.48px;--awb-line-height:84.48px;--awb-border-radius-top-l:24px;--awb-border-radius-top-r:24px;--awb-border-radius-bot-r:24px;--awb-border-radius-bot-l:24px;--awb-margin-right:24px;--awb-sm-align-self:center;\" href=\"#\" target=\"_self\" aria-label=\"Link to #\"><\/a><\/div><\/div><div class=\"fusion-layout-column fusion_builder_column_inner fusion-builder-nested-column-5 fusion_builder_column_inner_3_5 3_5 fusion-flex-column fusion-flex-align-self-stretch\" style=\"--awb-bg-size:cover;--awb-width-large:60%;--awb-margin-top-large:0px;--awb-spacing-right-large:0%;--awb-margin-bottom-large:20px;--awb-spacing-left-large:3.2%;--awb-width-medium:100%;--awb-order-medium:0;--awb-spacing-right-medium:1.92%;--awb-spacing-left-medium:3.84%;--awb-width-small:100%;--awb-order-small:0;--awb-spacing-right-small:1.92%;--awb-spacing-left-small:1.92%;\"><div class=\"fusion-column-wrapper fusion-column-has-shadow fusion-flex-justify-content-flex-start fusion-content-layout-column\"><div class=\"fusion-title title fusion-title-6 fusion-title-text fusion-title-size-three\" style=\"--awb-text-color:#040d16;--awb-margin-top:12px;--awb-margin-bottom:12px;--awb-margin-top-small:10px;--awb-margin-right-small:0px;--awb-margin-bottom-small:10px;--awb-margin-left-small:0px;--awb-font-size:20px;\"><div class=\"title-sep-container title-sep-container-left fusion-no-large-visibility fusion-no-medium-visibility\"><div class=\"title-sep sep-double sep-solid\" style=\"border-color:#e0dede;\"><\/div><\/div><span class=\"awb-title-spacer fusion-no-large-visibility fusion-no-medium-visibility\"><\/span><h3 class=\"fusion-title-heading title-heading-left sm-text-align-center\" style=\"font-family:&quot;Manrope&quot;;font-style:normal;font-weight:500;margin:0;letter-spacing:0.015em;text-transform:var(--awb-typography2-text-transform);font-size:1em;line-height:1.4em;\">Address<\/h3><span class=\"awb-title-spacer\"><\/span><div class=\"title-sep-container title-sep-container-right\"><div class=\"title-sep sep-double sep-solid\" style=\"border-color:#e0dede;\"><\/div><\/div><\/div><div class=\"fusion-text fusion-text-5 sm-text-align-center\" style=\"--awb-font-size:18px;--awb-line-height:1.64em;--awb-letter-spacing:0.02em;--awb-text-transform:var(--awb-typography4-text-transform);--awb-text-color:#3c4451;--awb-text-font-family:&quot;Manrope&quot;;--awb-text-font-style:normal;--awb-text-font-weight:400;\"><p>Calle Noelia Afonso Cabrera, 4<br \/>\n38650 Playa de Las Am\u00e9ricas<br \/>\nTenerife sur<\/p>\n<\/div><\/div><\/div><\/div><\/div><\/div><\/div><\/div><div class=\"fusion-fullwidth fullwidth-box fusion-builder-row-3 fusion-flex-container has-pattern-background has-mask-background nonhundred-percent-fullwidth non-hundred-percent-height-scrolling\" style=\"--awb-border-radius-top-left:0px;--awb-border-radius-top-right:0px;--awb-border-radius-bottom-right:0px;--awb-border-radius-bottom-left:0px;--awb-flex-wrap:wrap;\" ><div class=\"fusion-builder-row fusion-row fusion-flex-align-items-flex-start fusion-flex-content-wrap\" style=\"max-width:1404px;margin-left: calc(-4% \/ 2 );margin-right: calc(-4% \/ 2 );\"><div class=\"fusion-layout-column fusion_builder_column fusion-builder-column-6 fusion_builder_column_1_1 1_1 fusion-flex-column fusion-flex-align-self-flex-start fusion-column-no-min-height\" style=\"--awb-bg-size:cover;--awb-width-large:100%;--awb-margin-top-large:0px;--awb-spacing-right-large:1.92%;--awb-margin-bottom-large:0px;--awb-spacing-left-large:1.92%;--awb-width-medium:100%;--awb-spacing-right-medium:1.92%;--awb-spacing-left-medium:1.92%;--awb-width-small:100%;--awb-spacing-right-small:1.92%;--awb-spacing-left-small:1.92%;\"><div class=\"fusion-column-wrapper fusion-flex-justify-content-flex-start fusion-content-layout-column\"><style type='text\/css'>\n\t\t\t\t.pricing-table-1.fusion-pricing-table .panel-container, .pricing-table-1.fusion-pricing-table .standout .panel-container,\n\t\t\t\t.pricing-table-1.full-boxed-pricing.fusion-pricing-table {background-color:#f8f8f8;}\n\t\t\t\t.pricing-table-1.fusion-pricing-table .list-group .list-group-item,\n\t\t\t\t.pricing-table-1.fusion-pricing-table .list-group .list-group-item:last-child{background-color:#ffffff; border-color:#ededed;}\n\t\t\t\t.pricing-table-1.full-boxed-pricing.fusion-pricing-table .panel-wrapper:hover .panel-heading,\n\t\t\t\t.pricing-table-1.fusion-pricing-table .panel-wrapper:hover .list-group-item {background-color:var(--awb-color2);}\n\t\t\t\t.pricing-table-1.full-boxed-pricing.fusion-pricing-table .panel-heading{background-color:#ffffff;}\n\t\t\t\t.pricing-table-1.fusion-pricing-table .fusion-panel, .pricing-table-1 .panel-wrapper:last-child .fusion-panel,\n\t\t\t\t.pricing-table-1.fusion-pricing-table .standout .fusion-panel, .pricing-table-1.fusion-pricing-table  .panel-heading,\n\t\t\t\t.pricing-table-1.fusion-pricing-table .panel-body, .pricing-table-1.fusion-pricing-table .panel-footer{border-color:#ededed;}\n\t\t\t\t.pricing-table-1.fusion-pricing-table .panel-body, .pricing-table-1.fusion-pricing-table .panel-footer{background-color:#f8f8f8;}\n\t\t\t\t.pricing-table-1.sep-boxed-pricing.fusion-pricing-table .panel-heading h3{color:#333333;}\n\t\t\t\t.pricing-table-1.full-boxed-pricing.fusion-pricing-table .panel-heading h3{color:#333333;}\n\t\t\t\t.pricing-table-1.fusion-pricing-table .panel-body .price .decimal-part{color:#a0ce4e;}\n\t\t\t\t.pricing-table-1.fusion-pricing-table .panel-body .price .integer-part{color:#a0ce4e;}\n\t\t\t\t.pricing-table-1.fusion-pricing-table ul.list-group li{color:#747474;}\n\t\t\t\t<\/style><div class=\"fusion-pricing-table pricing-table-1 sep-boxed-pricing row fusion-columns-3 columns-3 fusion-clearfix\">\n<div class=\"panel-wrapper fusion-column column col-lg-4 col-md-4 col-sm-4 fusion-pricingtable-column\"><div class=\"panel-container\"><div class=\"fusion-panel\"><div class=\"panel-heading\"><h3 class=\"title-row\">HAIRDRESSER<\/h3><\/div>\n<div class=\"panel-body pricing-row\"><\/div>\n<ul class=\"list-group\"><li class=\"list-group-item normal-row\"><img decoding=\"async\" class=\"aligncenter wp-image-26504 size-full\" src=\"https:\/\/www.imagenia.eu\/wp-content\/uploads\/2020\/02\/peluquer\u00eda-en-playa-de-las-am\u00e9ricas.jpg\" alt=\"peluquer\u00eda en Playa de Las Am\u00e9ricas, Hairdressers in Playa de Las Am\u00e9ricas\" width=\"500\" height=\"350\" srcset=\"https:\/\/www.imagenia.eu\/wp-content\/uploads\/2020\/02\/peluquer\u00eda-en-playa-de-las-am\u00e9ricas-150x105.jpg 150w, https:\/\/www.imagenia.eu\/wp-content\/uploads\/2020\/02\/peluquer\u00eda-en-playa-de-las-am\u00e9ricas-300x210.jpg 300w, https:\/\/www.imagenia.eu\/wp-content\/uploads\/2020\/02\/peluquer\u00eda-en-playa-de-las-am\u00e9ricas.jpg 500w\" sizes=\"(max-width: 500px) 100vw, 500px\" \/><\/li>\n<li class=\"list-group-item normal-row\">Styling(corte)<\/li><li class=\"list-group-item normal-row\">Hairstyle<\/li>\n<li class=\"list-group-item normal-row\">Colouring<\/li><li class=\"list-group-item normal-row\">Hair bleaching<\/li>\n<li class=\"list-group-item normal-row\">Highlights<\/li>\n<li class=\"list-group-item normal-row\">Hair-up<\/li>\n<li class=\"list-group-item normal-row\">Barber<\/li><\/ul><\/div><\/div><\/div>\n<div class=\"panel-wrapper fusion-column column col-lg-4 col-md-4 col-sm-4 fusion-pricingtable-column\"><div class=\"panel-container\"><div class=\"fusion-panel\"><div class=\"panel-heading\"><h3 class=\"title-row\">MANICURE<\/h3><\/div>\n<div class=\"panel-body pricing-row\"><\/div>\n<ul class=\"list-group\"><li class=\"list-group-item normal-row\"><img decoding=\"async\" class=\"aligncenter wp-image-26510 size-full\" src=\"https:\/\/www.imagenia.eu\/wp-content\/uploads\/2020\/02\/manicura-en-playa-de-las-americas.jpg\" alt=\"peluquer\u00eda en Playa de Las Am\u00e9ricas, Hairdressers in Playa de Las Am\u00e9ricas\" width=\"500\" height=\"350\" srcset=\"https:\/\/www.imagenia.eu\/wp-content\/uploads\/2020\/02\/manicura-en-playa-de-las-americas-150x105.jpg 150w, https:\/\/www.imagenia.eu\/wp-content\/uploads\/2020\/02\/manicura-en-playa-de-las-americas-300x210.jpg 300w, https:\/\/www.imagenia.eu\/wp-content\/uploads\/2020\/02\/manicura-en-playa-de-las-americas.jpg 500w\" sizes=\"(max-width: 500px) 100vw, 500px\" \/><\/p>\n<p style=\"text-align: center;\"><\/li>\n<li class=\"list-group-item normal-row\">Remove polish<\/li>\n<li class=\"list-group-item normal-row\">Reestructure the nail<\/li>\n<li class=\"list-group-item normal-row\">Manicure men<\/li>\n<li class=\"list-group-item normal-row\">Manicure women<\/li>\n<li class=\"list-group-item normal-row\">Semipermanent<\/li>\n<li class=\"list-group-item normal-row\">Acrylic or Gel removal<\/li>\n<li class=\"list-group-item normal-row\">Acr\u00edlyc or Gel<\/li>\n<li class=\"list-group-item normal-row\">Hands treatment<\/li>\n<\/ul><\/div><\/div><\/div>\n<div class=\"panel-wrapper fusion-column column col-lg-4 col-md-4 col-sm-4 fusion-pricingtable-column\"><div class=\"panel-container\"><div class=\"fusion-panel\"><div class=\"panel-heading\"><h3 class=\"title-row\">PEDICURE<\/h3><\/div>\n<div class=\"panel-body pricing-row\"><\/div>\n<ul class=\"list-group\"><li class=\"list-group-item normal-row\"><img decoding=\"async\" class=\"aligncenter wp-image-26498 size-full\" src=\"https:\/\/www.imagenia.eu\/wp-content\/uploads\/2020\/02\/pedicura-en-playa-de-las-americas.jpg\" alt=\"peluquer\u00eda en Playa de Las Am\u00e9ricas\" width=\"500\" height=\"350\" srcset=\"https:\/\/www.imagenia.eu\/wp-content\/uploads\/2020\/02\/pedicura-en-playa-de-las-americas-150x105.jpg 150w, https:\/\/www.imagenia.eu\/wp-content\/uploads\/2020\/02\/pedicura-en-playa-de-las-americas-300x210.jpg 300w, https:\/\/www.imagenia.eu\/wp-content\/uploads\/2020\/02\/pedicura-en-playa-de-las-americas.jpg 500w\" sizes=\"(max-width: 500px) 100vw, 500px\" \/><\/li>\n<li class=\"list-group-item normal-row\"><\/li>\n<li class=\"list-group-item normal-row\">Pedicue men<\/li>\n<li class=\"list-group-item normal-row\">Pedicure women<\/li>\n<li class=\"list-group-item normal-row\">Semipermanent<\/li>\n<li class=\"list-group-item normal-row\">Pedicure with treatment<\/li>\n<\/ul><\/div><\/div><\/div>\n<\/div><\/div><\/div><\/div><\/div><div class=\"fusion-fullwidth fullwidth-box fusion-builder-row-4 fusion-flex-container has-pattern-background has-mask-background nonhundred-percent-fullwidth non-hundred-percent-height-scrolling\" style=\"--awb-border-radius-top-left:0px;--awb-border-radius-top-right:0px;--awb-border-radius-bottom-right:0px;--awb-border-radius-bottom-left:0px;--awb-margin-top:50px;--awb-margin-bottom:30px;--awb-background-color:var(--awb-color1);--awb-flex-wrap:wrap;\" ><div class=\"fusion-builder-row fusion-row fusion-flex-align-items-flex-start fusion-flex-content-wrap\" style=\"max-width:1404px;margin-left: calc(-4% \/ 2 );margin-right: calc(-4% \/ 2 );\"><div class=\"fusion-layout-column fusion_builder_column fusion-builder-column-7 fusion_builder_column_1_1 1_1 fusion-flex-column\" style=\"--awb-bg-size:cover;--awb-width-large:100%;--awb-margin-top-large:0px;--awb-spacing-right-large:1.92%;--awb-margin-bottom-large:20px;--awb-spacing-left-large:1.92%;--awb-width-medium:100%;--awb-order-medium:0;--awb-spacing-right-medium:1.92%;--awb-spacing-left-medium:1.92%;--awb-width-small:100%;--awb-order-small:0;--awb-spacing-right-small:1.92%;--awb-spacing-left-small:1.92%;\"><div class=\"fusion-column-wrapper fusion-column-has-shadow fusion-flex-justify-content-flex-start fusion-content-layout-column\"><div class=\"fusion-title title fusion-title-7 fusion-title-center fusion-title-text fusion-title-size-div\" style=\"--awb-text-color:#4f5c6c;--awb-margin-top-small:10px;--awb-margin-right-small:0px;--awb-margin-bottom-small:10px;--awb-margin-left-small:0px;--awb-font-size:20px;\"><div class=\"title-sep-container title-sep-container-left\"><div class=\"title-sep sep-double sep-solid\" style=\"border-color:#e0dede;\"><\/div><\/div><span class=\"awb-title-spacer\"><\/span><div class=\"fusion-title-heading title-heading-center title-heading-tag\" style=\"font-family:&quot;Manrope&quot;;font-style:normal;font-weight:500;margin:0;letter-spacing:0.015em;text-transform:var(--awb-typography2-text-transform);font-size:1em;line-height:1.4em;\">Find us on Google Maps<\/p><\/div><span class=\"awb-title-spacer\"><\/span><div class=\"title-sep-container title-sep-container-right\"><div class=\"title-sep sep-double sep-solid\" style=\"border-color:#e0dede;\"><\/div><\/div><\/div><\/div><\/div><div class=\"fusion-layout-column fusion_builder_column fusion-builder-column-8 fusion_builder_column_1_1 1_1 fusion-flex-column\" style=\"--awb-bg-size:cover;--awb-width-large:100%;--awb-margin-top-large:0px;--awb-spacing-right-large:1.92%;--awb-margin-bottom-large:20px;--awb-spacing-left-large:1.92%;--awb-width-medium:100%;--awb-order-medium:0;--awb-spacing-right-medium:1.92%;--awb-spacing-left-medium:1.92%;--awb-width-small:100%;--awb-order-small:0;--awb-spacing-right-small:1.92%;--awb-spacing-left-small:1.92%;\"><div class=\"fusion-column-wrapper fusion-column-has-shadow fusion-flex-justify-content-flex-start fusion-content-layout-column\"><div class=\"fusion-text fusion-text-6\"><p><iframe style=\"border: 0;\" src=\"https:\/\/www.google.com\/maps\/embed?pb=!1m18!1m12!1m3!1d3520.8076258076444!2d-16.731349923053855!3d28.060897909806528!2m3!1f0!2f0!3f0!3m2!1i1024!2i768!4f13.1!3m3!1m2!1s0xc6a97a1e537fb59%3A0xebde30ba59935f71!2sAngeles%20D%C3%ADaz%20Beauty%20sal%C3%B3n%20Playa%20de%20Las%20Am%C3%A9ricas%20%26%20Nails!5e0!3m2!1ses!2ses!4v1708520791549!5m2!1ses!2ses\" width=\"100%\" height=\"450\" allowfullscreen=\"allowfullscreen\"><\/iframe><\/p>\n<\/div><\/div><\/div><\/div><\/div><\/p>\n","protected":false},"excerpt":{"rendered":"","protected":false},"author":3,"featured_media":29435,"comment_status":"closed","ping_status":"closed","sticky":false,"template":"","format":"standard","meta":{"footnotes":""},"categories":[13211,2028,13215,13213,13216,13214,13212],"tags":[13228,13219,13231,13217,13218,13227,13229,13226,13221,13224,13225,13223,13220,13222],"class_list":["post-26464","post","type-post","status-publish","format-standard","has-post-thumbnail","hentry","category-beauty-center-in-playa-de-las-americas","category-companies-tenerife","category-hairdressing-in-playa-de-las-americas","category-manicure-in-playa-de-las-americas","category-nail-space-in-playa-de-las-americas","category-pedicure-in-playa-de-las-americas","category-waxing-in-playa-las-americas","tag-acrylic-nails-in-playa-de-las-americas","tag-back-hair-removal-in-playa-de-las-americas","tag-barbershop-in-playa-de-las-americas","tag-brazilian-depilation-in-playa-de-las-americas","tag-buttock-hair-removal-in-playa-de-las-americas","tag-facial-treatments-in-playa-de-las-americas","tag-gel-nails-in-playa-de-las-americas","tag-hairdresser-men-in-playa-de-las-americas","tag-leg-hair-removal-in-playa-de-las-americas","tag-manicure-in-playa-de-las-americas","tag-pedicure-in-playa-de-las-americas","tag-stylist-in-playa-de-las-americas","tag-upper-lip-hair-removal-in-playa-de-las-americas","tag-waxing-in-playa-de-las-americas"],"yoast_head":"<!-- This site is optimized with the Yoast SEO plugin v27.3 - https:\/\/yoast.com\/product\/yoast-seo-wordpress\/ -->\n<title>Hairdressers in Playa de Las Americas, Tu Pelu Hairdressing &amp; Nails<\/title>\n<meta name=\"description\" content=\"Tu Pelu Hairdressing &amp; Nails, Hairdressers in Playa de Las Americas, Nails salon, Manicure, Pedicure, Beauty center, Waxing center\" \/>\n<meta name=\"robots\" content=\"index, follow, max-snippet:-1, max-image-preview:large, max-video-preview:-1\" \/>\n<link rel=\"canonical\" href=\"https:\/\/www.imagenia.eu\/en\/tu-pelu-hairdressers-in-playa-de-las-americas-nails-salon-beauty-center\/\" \/>\n<meta property=\"og:locale\" content=\"en_US\" \/>\n<meta property=\"og:type\" content=\"article\" \/>\n<meta property=\"og:title\" content=\"Hairdressers in Playa de Las Americas, Tu Pelu Hairdressing &amp; Nails\" \/>\n<meta property=\"og:description\" content=\"Tu Pelu Hairdressing &amp; Nails, Hairdressers in Playa de Las Americas, Nails salon, Manicure, Pedicure, Beauty center, Waxing center\" \/>\n<meta property=\"og:url\" content=\"https:\/\/www.imagenia.eu\/en\/tu-pelu-hairdressers-in-playa-de-las-americas-nails-salon-beauty-center\/\" \/>\n<meta property=\"og:site_name\" content=\"Imagenia\" \/>\n<meta property=\"article:published_time\" content=\"2020-02-19T23:31:32+00:00\" \/>\n<meta property=\"article:modified_time\" content=\"2024-11-09T19:51:46+00:00\" \/>\n<meta name=\"author\" content=\"imagenia\" \/>\n<meta name=\"twitter:label1\" content=\"Written by\" \/>\n\t<meta name=\"twitter:data1\" content=\"imagenia\" \/>\n\t<meta name=\"twitter:label2\" content=\"Est. reading time\" \/>\n\t<meta name=\"twitter:data2\" content=\"3 minutes\" \/>\n<script type=\"application\/ld+json\" class=\"yoast-schema-graph\">{\"@context\":\"https:\\\/\\\/schema.org\",\"@graph\":[{\"@type\":\"Article\",\"@id\":\"https:\\\/\\\/www.imagenia.eu\\\/en\\\/tu-pelu-hairdressers-in-playa-de-las-americas-nails-salon-beauty-center\\\/#article\",\"isPartOf\":{\"@id\":\"https:\\\/\\\/www.imagenia.eu\\\/en\\\/tu-pelu-hairdressers-in-playa-de-las-americas-nails-salon-beauty-center\\\/\"},\"author\":{\"name\":\"imagenia\",\"@id\":\"https:\\\/\\\/www.imagenia.eu\\\/#\\\/schema\\\/person\\\/2cc9d644cfe15f54da1ce65091471ab8\"},\"headline\":\"Angeles D\u00edaz Beauty Salon, Hairdressers in Playa de Las Am\u00e9ricas, Nails salon, Beauty center\",\"datePublished\":\"2020-02-19T23:31:32+00:00\",\"dateModified\":\"2024-11-09T19:51:46+00:00\",\"mainEntityOfPage\":{\"@id\":\"https:\\\/\\\/www.imagenia.eu\\\/en\\\/tu-pelu-hairdressers-in-playa-de-las-americas-nails-salon-beauty-center\\\/\"},\"wordCount\":8487,\"image\":{\"@id\":\"https:\\\/\\\/www.imagenia.eu\\\/en\\\/tu-pelu-hairdressers-in-playa-de-las-americas-nails-salon-beauty-center\\\/#primaryimage\"},\"thumbnailUrl\":\"https:\\\/\\\/www.imagenia.eu\\\/wp-content\\\/uploads\\\/2020\\\/02\\\/foto-seo-Angeles-Diaz-Beauty-Salon-500-x-350-px.jpg\",\"keywords\":[\"Acrylic nails in Playa de Las Am\u00e9ricas\",\"Back hair removal in Playa de Las Am\u00e9ricas\",\"Barbershop in Playa de las Americas\",\"Brazilian depilation in Playa de Las Am\u00e9ricas\",\"Buttock hair removal in Playa de Las Am\u00e9ricas\",\"Facial treatments in Playa de Las Am\u00e9ricas\",\"Gel nails in Playa de Las Am\u00e9ricas\",\"Hairdresser men in Playa de Las Am\u00e9ricas\",\"Leg hair removal in Playa de Las Am\u00e9ricas\",\"Manicure in Playa de Las Am\u00e9ricas\",\"Pedicure in Playa de Las Am\u00e9ricas\",\"Stylist in Playa de Las Am\u00e9ricas\",\"Upper lip hair removal in Playa de Las Am\u00e9ricas\",\"Waxing in Playa de Las Am\u00e9ricas\"],\"articleSection\":[\"Beauty center in Playa de Las Am\u00e9ricas\",\"Companies Tenerife\",\"Hairdressing in Playa de Las Am\u00e9ricas\",\"Manicure in Playa de Las Am\u00e9ricas\",\"Nail Space in Playa de Las Am\u00e9ricas\",\"Pedicure in Playa de Las Am\u00e9ricas\",\"Waxing in Playa las Am\u00e9ricas\"],\"inLanguage\":\"en-US\"},{\"@type\":\"WebPage\",\"@id\":\"https:\\\/\\\/www.imagenia.eu\\\/en\\\/tu-pelu-hairdressers-in-playa-de-las-americas-nails-salon-beauty-center\\\/\",\"url\":\"https:\\\/\\\/www.imagenia.eu\\\/en\\\/tu-pelu-hairdressers-in-playa-de-las-americas-nails-salon-beauty-center\\\/\",\"name\":\"Hairdressers in Playa de Las Americas, Tu Pelu Hairdressing & Nails\",\"isPartOf\":{\"@id\":\"https:\\\/\\\/www.imagenia.eu\\\/#website\"},\"primaryImageOfPage\":{\"@id\":\"https:\\\/\\\/www.imagenia.eu\\\/en\\\/tu-pelu-hairdressers-in-playa-de-las-americas-nails-salon-beauty-center\\\/#primaryimage\"},\"image\":{\"@id\":\"https:\\\/\\\/www.imagenia.eu\\\/en\\\/tu-pelu-hairdressers-in-playa-de-las-americas-nails-salon-beauty-center\\\/#primaryimage\"},\"thumbnailUrl\":\"https:\\\/\\\/www.imagenia.eu\\\/wp-content\\\/uploads\\\/2020\\\/02\\\/foto-seo-Angeles-Diaz-Beauty-Salon-500-x-350-px.jpg\",\"datePublished\":\"2020-02-19T23:31:32+00:00\",\"dateModified\":\"2024-11-09T19:51:46+00:00\",\"author\":{\"@id\":\"https:\\\/\\\/www.imagenia.eu\\\/#\\\/schema\\\/person\\\/2cc9d644cfe15f54da1ce65091471ab8\"},\"description\":\"Tu Pelu Hairdressing & Nails, Hairdressers in Playa de Las Americas, Nails salon, Manicure, Pedicure, Beauty center, Waxing center\",\"inLanguage\":\"en-US\",\"potentialAction\":[{\"@type\":\"ReadAction\",\"target\":[\"https:\\\/\\\/www.imagenia.eu\\\/en\\\/tu-pelu-hairdressers-in-playa-de-las-americas-nails-salon-beauty-center\\\/\"]}]},{\"@type\":\"ImageObject\",\"inLanguage\":\"en-US\",\"@id\":\"https:\\\/\\\/www.imagenia.eu\\\/en\\\/tu-pelu-hairdressers-in-playa-de-las-americas-nails-salon-beauty-center\\\/#primaryimage\",\"url\":\"https:\\\/\\\/www.imagenia.eu\\\/wp-content\\\/uploads\\\/2020\\\/02\\\/foto-seo-Angeles-Diaz-Beauty-Salon-500-x-350-px.jpg\",\"contentUrl\":\"https:\\\/\\\/www.imagenia.eu\\\/wp-content\\\/uploads\\\/2020\\\/02\\\/foto-seo-Angeles-Diaz-Beauty-Salon-500-x-350-px.jpg\",\"width\":500,\"height\":350,\"caption\":\"Angeles D\u00edaz Beauty Sal\u00f3n\"},{\"@type\":\"WebSite\",\"@id\":\"https:\\\/\\\/www.imagenia.eu\\\/#website\",\"url\":\"https:\\\/\\\/www.imagenia.eu\\\/\",\"name\":\"Imagenia\",\"description\":\"Consultora de imagen de empresas y profesionales en Tenerife, Canarias.\",\"potentialAction\":[{\"@type\":\"SearchAction\",\"target\":{\"@type\":\"EntryPoint\",\"urlTemplate\":\"https:\\\/\\\/www.imagenia.eu\\\/?s={search_term_string}\"},\"query-input\":{\"@type\":\"PropertyValueSpecification\",\"valueRequired\":true,\"valueName\":\"search_term_string\"}}],\"inLanguage\":\"en-US\"},{\"@type\":\"Person\",\"@id\":\"https:\\\/\\\/www.imagenia.eu\\\/#\\\/schema\\\/person\\\/2cc9d644cfe15f54da1ce65091471ab8\",\"name\":\"imagenia\",\"description\":\"Consultor de imagen para empresas. Fot\u00f3grafo certificado de Google Maps Business View en Tenerife, Canarias. Image consultant por business. Certified Google Business View Photographer in Tenerife, Canary islands.\",\"sameAs\":[\"https:\\\/\\\/wwww.imagenia.eu\\\/\",\"https:\\\/\\\/x.com\\\/imageniaC\"]}]}<\/script>\n<!-- \/ Yoast SEO plugin. -->","yoast_head_json":{"title":"Hairdressers in Playa de Las Americas, Tu Pelu Hairdressing & Nails","description":"Tu Pelu Hairdressing & Nails, Hairdressers in Playa de Las Americas, Nails salon, Manicure, Pedicure, Beauty center, Waxing center","robots":{"index":"index","follow":"follow","max-snippet":"max-snippet:-1","max-image-preview":"max-image-preview:large","max-video-preview":"max-video-preview:-1"},"canonical":"https:\/\/www.imagenia.eu\/en\/tu-pelu-hairdressers-in-playa-de-las-americas-nails-salon-beauty-center\/","og_locale":"en_US","og_type":"article","og_title":"Hairdressers in Playa de Las Americas, Tu Pelu Hairdressing & Nails","og_description":"Tu Pelu Hairdressing & Nails, Hairdressers in Playa de Las Americas, Nails salon, Manicure, Pedicure, Beauty center, Waxing center","og_url":"https:\/\/www.imagenia.eu\/en\/tu-pelu-hairdressers-in-playa-de-las-americas-nails-salon-beauty-center\/","og_site_name":"Imagenia","article_published_time":"2020-02-19T23:31:32+00:00","article_modified_time":"2024-11-09T19:51:46+00:00","author":"imagenia","twitter_misc":{"Written by":"imagenia","Est. reading time":"3 minutes"},"schema":{"@context":"https:\/\/schema.org","@graph":[{"@type":"Article","@id":"https:\/\/www.imagenia.eu\/en\/tu-pelu-hairdressers-in-playa-de-las-americas-nails-salon-beauty-center\/#article","isPartOf":{"@id":"https:\/\/www.imagenia.eu\/en\/tu-pelu-hairdressers-in-playa-de-las-americas-nails-salon-beauty-center\/"},"author":{"name":"imagenia","@id":"https:\/\/www.imagenia.eu\/#\/schema\/person\/2cc9d644cfe15f54da1ce65091471ab8"},"headline":"Angeles D\u00edaz Beauty Salon, Hairdressers in Playa de Las Am\u00e9ricas, Nails salon, Beauty center","datePublished":"2020-02-19T23:31:32+00:00","dateModified":"2024-11-09T19:51:46+00:00","mainEntityOfPage":{"@id":"https:\/\/www.imagenia.eu\/en\/tu-pelu-hairdressers-in-playa-de-las-americas-nails-salon-beauty-center\/"},"wordCount":8487,"image":{"@id":"https:\/\/www.imagenia.eu\/en\/tu-pelu-hairdressers-in-playa-de-las-americas-nails-salon-beauty-center\/#primaryimage"},"thumbnailUrl":"https:\/\/www.imagenia.eu\/wp-content\/uploads\/2020\/02\/foto-seo-Angeles-Diaz-Beauty-Salon-500-x-350-px.jpg","keywords":["Acrylic nails in Playa de Las Am\u00e9ricas","Back hair removal in Playa de Las Am\u00e9ricas","Barbershop in Playa de las Americas","Brazilian depilation in Playa de Las Am\u00e9ricas","Buttock hair removal in Playa de Las Am\u00e9ricas","Facial treatments in Playa de Las Am\u00e9ricas","Gel nails in Playa de Las Am\u00e9ricas","Hairdresser men in Playa de Las Am\u00e9ricas","Leg hair removal in Playa de Las Am\u00e9ricas","Manicure in Playa de Las Am\u00e9ricas","Pedicure in Playa de Las Am\u00e9ricas","Stylist in Playa de Las Am\u00e9ricas","Upper lip hair removal in Playa de Las Am\u00e9ricas","Waxing in Playa de Las Am\u00e9ricas"],"articleSection":["Beauty center in Playa de Las Am\u00e9ricas","Companies Tenerife","Hairdressing in Playa de Las Am\u00e9ricas","Manicure in Playa de Las Am\u00e9ricas","Nail Space in Playa de Las Am\u00e9ricas","Pedicure in Playa de Las Am\u00e9ricas","Waxing in Playa las Am\u00e9ricas"],"inLanguage":"en-US"},{"@type":"WebPage","@id":"https:\/\/www.imagenia.eu\/en\/tu-pelu-hairdressers-in-playa-de-las-americas-nails-salon-beauty-center\/","url":"https:\/\/www.imagenia.eu\/en\/tu-pelu-hairdressers-in-playa-de-las-americas-nails-salon-beauty-center\/","name":"Hairdressers in Playa de Las Americas, Tu Pelu Hairdressing & Nails","isPartOf":{"@id":"https:\/\/www.imagenia.eu\/#website"},"primaryImageOfPage":{"@id":"https:\/\/www.imagenia.eu\/en\/tu-pelu-hairdressers-in-playa-de-las-americas-nails-salon-beauty-center\/#primaryimage"},"image":{"@id":"https:\/\/www.imagenia.eu\/en\/tu-pelu-hairdressers-in-playa-de-las-americas-nails-salon-beauty-center\/#primaryimage"},"thumbnailUrl":"https:\/\/www.imagenia.eu\/wp-content\/uploads\/2020\/02\/foto-seo-Angeles-Diaz-Beauty-Salon-500-x-350-px.jpg","datePublished":"2020-02-19T23:31:32+00:00","dateModified":"2024-11-09T19:51:46+00:00","author":{"@id":"https:\/\/www.imagenia.eu\/#\/schema\/person\/2cc9d644cfe15f54da1ce65091471ab8"},"description":"Tu Pelu Hairdressing & Nails, Hairdressers in Playa de Las Americas, Nails salon, Manicure, Pedicure, Beauty center, Waxing center","inLanguage":"en-US","potentialAction":[{"@type":"ReadAction","target":["https:\/\/www.imagenia.eu\/en\/tu-pelu-hairdressers-in-playa-de-las-americas-nails-salon-beauty-center\/"]}]},{"@type":"ImageObject","inLanguage":"en-US","@id":"https:\/\/www.imagenia.eu\/en\/tu-pelu-hairdressers-in-playa-de-las-americas-nails-salon-beauty-center\/#primaryimage","url":"https:\/\/www.imagenia.eu\/wp-content\/uploads\/2020\/02\/foto-seo-Angeles-Diaz-Beauty-Salon-500-x-350-px.jpg","contentUrl":"https:\/\/www.imagenia.eu\/wp-content\/uploads\/2020\/02\/foto-seo-Angeles-Diaz-Beauty-Salon-500-x-350-px.jpg","width":500,"height":350,"caption":"Angeles D\u00edaz Beauty Sal\u00f3n"},{"@type":"WebSite","@id":"https:\/\/www.imagenia.eu\/#website","url":"https:\/\/www.imagenia.eu\/","name":"Imagenia","description":"Consultora de imagen de empresas y profesionales en Tenerife, Canarias.","potentialAction":[{"@type":"SearchAction","target":{"@type":"EntryPoint","urlTemplate":"https:\/\/www.imagenia.eu\/?s={search_term_string}"},"query-input":{"@type":"PropertyValueSpecification","valueRequired":true,"valueName":"search_term_string"}}],"inLanguage":"en-US"},{"@type":"Person","@id":"https:\/\/www.imagenia.eu\/#\/schema\/person\/2cc9d644cfe15f54da1ce65091471ab8","name":"imagenia","description":"Consultor de imagen para empresas. Fot\u00f3grafo certificado de Google Maps Business View en Tenerife, Canarias. Image consultant por business. Certified Google Business View Photographer in Tenerife, Canary islands.","sameAs":["https:\/\/wwww.imagenia.eu\/","https:\/\/x.com\/imageniaC"]}]}},"_links":{"self":[{"href":"https:\/\/www.imagenia.eu\/en\/wp-json\/wp\/v2\/posts\/26464","targetHints":{"allow":["GET"]}}],"collection":[{"href":"https:\/\/www.imagenia.eu\/en\/wp-json\/wp\/v2\/posts"}],"about":[{"href":"https:\/\/www.imagenia.eu\/en\/wp-json\/wp\/v2\/types\/post"}],"author":[{"embeddable":true,"href":"https:\/\/www.imagenia.eu\/en\/wp-json\/wp\/v2\/users\/3"}],"replies":[{"embeddable":true,"href":"https:\/\/www.imagenia.eu\/en\/wp-json\/wp\/v2\/comments?post=26464"}],"version-history":[{"count":24,"href":"https:\/\/www.imagenia.eu\/en\/wp-json\/wp\/v2\/posts\/26464\/revisions"}],"predecessor-version":[{"id":29431,"href":"https:\/\/www.imagenia.eu\/en\/wp-json\/wp\/v2\/posts\/26464\/revisions\/29431"}],"wp:featuredmedia":[{"embeddable":true,"href":"https:\/\/www.imagenia.eu\/en\/wp-json\/wp\/v2\/media\/29435"}],"wp:attachment":[{"href":"https:\/\/www.imagenia.eu\/en\/wp-json\/wp\/v2\/media?parent=26464"}],"wp:term":[{"taxonomy":"category","embeddable":true,"href":"https:\/\/www.imagenia.eu\/en\/wp-json\/wp\/v2\/categories?post=26464"},{"taxonomy":"post_tag","embeddable":true,"href":"https:\/\/www.imagenia.eu\/en\/wp-json\/wp\/v2\/tags?post=26464"}],"curies":[{"name":"wp","href":"https:\/\/api.w.org\/{rel}","templated":true}]}}